{"id":25132,"date":"2025-03-04T14:18:38","date_gmt":"2025-03-04T13:18:38","guid":{"rendered":"https:\/\/www.willeasy.net\/project\/?p=25132"},"modified":"2025-03-04T14:47:04","modified_gmt":"2025-03-04T13:47:04","slug":"convenzione-onu","status":"publish","type":"post","link":"https:\/\/www.willeasy.net\/project\/novita\/2025\/03\/04\/convenzione-onu\/","title":{"rendered":"16 anni dalla Convenzione ONU: l&#8217;inclusione \u00e8 incompleta"},"content":{"rendered":"\t\t<div data-elementor-type=\"wp-post\" data-elementor-id=\"25132\" class=\"elementor elementor-25132\" data-elementor-post-type=\"post\">\n\t\t\t\t<div class=\"elementor-element elementor-element-7315027 e-flex e-con-boxed e-con e-parent\" data-id=\"7315027\" data-element_type=\"container\">\n\t\t\t\t\t<div class=\"e-con-inner\">\n\t\t\t\t<div class=\"elementor-element elementor-element-ef7438e elementor-widget elementor-widget-heading\" data-id=\"ef7438e\" data-element_type=\"widget\" data-widget_type=\"heading.default\">\n\t\t\t\t<div class=\"elementor-widget-container\">\n\t\t\t<h2 class=\"elementor-heading-title elementor-size-default\">16 anni dalla Convenzione ONU: inclusione incompleta<\/h2>\t\t<\/div>\n\t\t\t\t<\/div>\n\t\t\t\t<div class=\"elementor-element elementor-element-15a53cb elementor-widget elementor-widget-text-editor\" data-id=\"15a53cb\" data-element_type=\"widget\" data-widget_type=\"text-editor.default\">\n\t\t\t\t<div class=\"elementor-widget-container\">\n\t\t\t\t\t\t\t<p>Il 3 marzo 2009 l&#8217;Italia ha ratificato la <strong data-start=\"270\" data-end=\"330\">Convenzione ONU sui Diritti delle Persone con Disabilit\u00e0<\/strong>, trasformandola in legge nazionale con l&#8217;approvazione della <strong data-start=\"391\" data-end=\"406\">Legge 18\/09<\/strong>. Un passo fondamentale che ha sancito il diritto delle persone con disabilit\u00e0 alla piena partecipazione sociale, all&#8217;uguaglianza di opportunit\u00e0 e alla rimozione di ogni barriera.<\/p>\t\t\t\t\t\t<\/div>\n\t\t\t\t<\/div>\n\t\t\t\t<div class=\"elementor-element elementor-element-eb94b6c elementor-widget elementor-widget-image\" data-id=\"eb94b6c\" data-element_type=\"widget\" data-widget_type=\"image.default\">\n\t\t\t\t<div class=\"elementor-widget-container\">\n\t\t\t\t\t\t\t\t\t\t\t\t\t<img fetchpriority=\"high\" decoding=\"async\" width=\"1024\" height=\"585\" src=\"https:\/\/www.willeasy.net\/project\/wp-content\/uploads\/2025\/03\/c8dd039e-763f-4793-95fa-10276d07d80b-1024x585.webp\" class=\"attachment-large size-large wp-image-25206\" alt=\"un&#039;immagine artistica che rappresenta la Convenzione ONU sui Diritti delle Persone con Disabilit\u00e0, con elementi di inclusivit\u00e0, accessibilit\u00e0 e simboli di cooperazione globale.\" srcset=\"https:\/\/www.willeasy.net\/project\/wp-content\/uploads\/2025\/03\/c8dd039e-763f-4793-95fa-10276d07d80b-1024x585.webp 1024w, https:\/\/www.willeasy.net\/project\/wp-content\/uploads\/2025\/03\/c8dd039e-763f-4793-95fa-10276d07d80b-300x171.webp 300w, https:\/\/www.willeasy.net\/project\/wp-content\/uploads\/2025\/03\/c8dd039e-763f-4793-95fa-10276d07d80b-768x439.webp 768w, https:\/\/www.willeasy.net\/project\/wp-content\/uploads\/2025\/03\/c8dd039e-763f-4793-95fa-10276d07d80b-1536x878.webp 1536w, https:\/\/www.willeasy.net\/project\/wp-content\/uploads\/2025\/03\/c8dd039e-763f-4793-95fa-10276d07d80b.webp 1792w\" sizes=\"(max-width: 1024px) 100vw, 1024px\" \/>\t\t\t\t\t\t\t\t\t\t\t\t\t<\/div>\n\t\t\t\t<\/div>\n\t\t\t\t<div class=\"elementor-element elementor-element-0a5ebd9 elementor-widget elementor-widget-text-editor\" data-id=\"0a5ebd9\" data-element_type=\"widget\" data-widget_type=\"text-editor.default\">\n\t\t\t\t<div class=\"elementor-widget-container\">\n\t\t\t\t\t\t\t<p data-start=\"589\" data-end=\"894\">A distanza di 16 anni, possiamo dire di aver raggiunto tutti gli obiettivi? <strong data-start=\"665\" data-end=\"681\">Purtroppo no<\/strong>. Lo conferma la FISH (Federazione Italiana per i Diritti delle Persone con Disabilit\u00e0), che sottolinea come <strong data-start=\"790\" data-end=\"891\">molti traguardi siano stati raggiunti, ma ancora troppe criticit\u00e0 ostacolano una reale inclusione.\u00a0<\/strong><\/p>\t\t\t\t\t\t<\/div>\n\t\t\t\t<\/div>\n\t\t\t\t<div class=\"elementor-element elementor-element-e3520bb elementor-widget elementor-widget-heading\" data-id=\"e3520bb\" data-element_type=\"widget\" data-widget_type=\"heading.default\">\n\t\t\t\t<div class=\"elementor-widget-container\">\n\t\t\t<h2 class=\"elementor-heading-title elementor-size-default\">Convenzione ONU: cos\u2019\u00e8 e perch\u00e9 \u00e8 importante<\/h2>\t\t<\/div>\n\t\t\t\t<\/div>\n\t\t\t\t<div class=\"elementor-element elementor-element-1eb3ed0 elementor-widget elementor-widget-text-editor\" data-id=\"1eb3ed0\" data-element_type=\"widget\" data-widget_type=\"text-editor.default\">\n\t\t\t\t<div class=\"elementor-widget-container\">\n\t\t\t\t\t\t\t<p data-start=\"887\" data-end=\"1249\">La<a href=\"https:\/\/disabilita.governo.it\/it\/convenzione-nazioni-unite\/\" target=\"_blank\" rel=\"noopener\"> Convenzione ONU sui diritti delle persone con disabilit\u00e0<\/a>\u00a0\u00e8 un trattato internazionale adottato dalle Nazioni Unite nel 2006 per garantire la piena partecipazione delle persone con disabilit\u00e0 in ogni ambito della vita. Il documento non introduce nuovi diritti, ma si propone di eliminare le discriminazioni e rendere effettivo il diritto all&#8217;uguaglianza.\u00a0<\/p><p data-start=\"887\" data-end=\"1249\"><span style=\"text-align: var(--text-align); background-color: var(--ast-global-color-5); letter-spacing: 0px;\">L&#8217;Italia l&#8217;ha ratificata nel 2009, impegnandosi formalmente a<\/span><span style=\"text-align: var(--text-align); background-color: var(--ast-global-color-5); letter-spacing: 0px;\">\u00a0<\/span><span style=\"text-align: var(--text-align); background-color: var(--ast-global-color-5); letter-spacing: 0px; font-weight: bold;\" data-start=\"1313\" data-end=\"1367\">rimuovere le barriere fisiche, sociali e culturali<\/span><span style=\"text-align: var(--text-align); background-color: var(--ast-global-color-5); letter-spacing: 0px;\">\u00a0<\/span><span style=\"text-align: var(--text-align); background-color: var(--ast-global-color-5); letter-spacing: 0px;\">che ostacolano l\u2019inclusione.<\/span><\/p>\t\t\t\t\t\t<\/div>\n\t\t\t\t<\/div>\n\t\t\t\t<div class=\"elementor-element elementor-element-4d5613f elementor-widget elementor-widget-heading\" data-id=\"4d5613f\" data-element_type=\"widget\" data-widget_type=\"heading.default\">\n\t\t\t\t<div class=\"elementor-widget-container\">\n\t\t\t<h2 class=\"elementor-heading-title elementor-size-default\">Le criticit\u00e0 evidenziate da FISH\n<\/h2>\t\t<\/div>\n\t\t\t\t<\/div>\n\t\t\t\t<div class=\"elementor-element elementor-element-bac147e elementor-widget elementor-widget-text-editor\" data-id=\"bac147e\" data-element_type=\"widget\" data-widget_type=\"text-editor.default\">\n\t\t\t\t<div class=\"elementor-widget-container\">\n\t\t\t\t\t\t\t<p>Nonostante il riconoscimento normativo, molte persone con disabilit\u00e0 <strong data-start=\"1508\" data-end=\"1613\">continuano a incontrare ostacoli nell\u2019accesso al lavoro, all\u2019istruzione e alla partecipazione sociale<\/strong><\/p>\t\t\t\t\t\t<\/div>\n\t\t\t\t<\/div>\n\t\t\t\t<div class=\"elementor-element elementor-element-8a300cf elementor-widget elementor-widget-image\" data-id=\"8a300cf\" data-element_type=\"widget\" data-widget_type=\"image.default\">\n\t\t\t\t<div class=\"elementor-widget-container\">\n\t\t\t\t\t\t\t\t\t\t\t\t\t<img decoding=\"async\" width=\"1024\" height=\"585\" src=\"https:\/\/www.willeasy.net\/project\/wp-content\/uploads\/2025\/03\/DALL\u00b7E-2025-03-04-13.45.12-An-uplifting-and-inclusive-infographic-illustrating-key-aspects-of-disability-inclusion-in-Italy-divided-into-three-sections___1.-__Employment___-A-d-1024x585.webp\" class=\"attachment-large size-large wp-image-25229\" alt=\"l&#039;immagine rappresenta l&#039;inclusione delle persone con disabilit\u00e0 in Italia, suddivisa in tre aree: lavoro, istruzione e partecipazione sociale e politica.\" srcset=\"https:\/\/www.willeasy.net\/project\/wp-content\/uploads\/2025\/03\/DALL\u00b7E-2025-03-04-13.45.12-An-uplifting-and-inclusive-infographic-illustrating-key-aspects-of-disability-inclusion-in-Italy-divided-into-three-sections___1.-__Employment___-A-d-1024x585.webp 1024w, https:\/\/www.willeasy.net\/project\/wp-content\/uploads\/2025\/03\/DALL\u00b7E-2025-03-04-13.45.12-An-uplifting-and-inclusive-infographic-illustrating-key-aspects-of-disability-inclusion-in-Italy-divided-into-three-sections___1.-__Employment___-A-d-300x171.webp 300w, https:\/\/www.willeasy.net\/project\/wp-content\/uploads\/2025\/03\/DALL\u00b7E-2025-03-04-13.45.12-An-uplifting-and-inclusive-infographic-illustrating-key-aspects-of-disability-inclusion-in-Italy-divided-into-three-sections___1.-__Employment___-A-d-768x439.webp 768w, https:\/\/www.willeasy.net\/project\/wp-content\/uploads\/2025\/03\/DALL\u00b7E-2025-03-04-13.45.12-An-uplifting-and-inclusive-infographic-illustrating-key-aspects-of-disability-inclusion-in-Italy-divided-into-three-sections___1.-__Employment___-A-d-1536x878.webp 1536w, https:\/\/www.willeasy.net\/project\/wp-content\/uploads\/2025\/03\/DALL\u00b7E-2025-03-04-13.45.12-An-uplifting-and-inclusive-infographic-illustrating-key-aspects-of-disability-inclusion-in-Italy-divided-into-three-sections___1.-__Employment___-A-d.webp 1792w\" sizes=\"(max-width: 1024px) 100vw, 1024px\" \/>\t\t\t\t\t\t\t\t\t\t\t\t\t<\/div>\n\t\t\t\t<\/div>\n\t\t\t\t\t<\/div>\n\t\t\t\t<\/div>\n\t\t<div class=\"elementor-element elementor-element-5dd2ec1 e-flex e-con-boxed e-con e-parent\" data-id=\"5dd2ec1\" data-element_type=\"container\">\n\t\t\t\t\t<div class=\"e-con-inner\">\n\t\t\t\t<div class=\"elementor-element elementor-element-e417ad5 elementor-widget elementor-widget-text-editor\" data-id=\"e417ad5\" data-element_type=\"widget\" data-widget_type=\"text-editor.default\">\n\t\t\t\t<div class=\"elementor-widget-container\">\n\t\t\t\t\t\t\t<p data-start=\"1618\" data-end=\"1871\"><a style=\"text-align: var(--text-align); letter-spacing: 0px;\" href=\"https:\/\/www.willeasy.net\/project\/formazione\/2024\/04\/24\/azienda-inclusiva\/\" target=\"_blank\" rel=\"noopener\">Occupazione<\/a>: Il tasso di occupazione delle persone con disabilit\u00e0 in Italia \u00e8 del <strong data-start=\"1707\" data-end=\"1716\">34,5%<\/strong>, contro il <strong data-start=\"1728\" data-end=\"1737\">58,1%<\/strong> della popolazione generale. Questo significa che <strong data-start=\"1787\" data-end=\"1868\">oltre il 60% delle persone con disabilit\u00e0 in et\u00e0 lavorativa non ha un impiego<\/strong>.<\/p><p data-start=\"1873\" data-end=\"2080\"><strong data-start=\"1876\" data-end=\"1890\">Istruzione<\/strong>: Le scuole e le universit\u00e0 italiane, pur con progressi legislativi, presentano ancora problemi di <strong data-start=\"1989\" data-end=\"2077\">accessibilit\u00e0, carenza di insegnanti di sostegno e percorsi di studio poco inclusivi<\/strong>.<\/p><p data-start=\"2082\" data-end=\"2331\"><strong data-start=\"2085\" data-end=\"2132\">Partecipazione alla vita sociale e politica<\/strong>: Troppe volte le persone con disabilit\u00e0 vengono <strong data-start=\"2181\" data-end=\"2239\">escluse dalle decisioni che le riguardano direttamente<\/strong>, e le politiche pubbliche risultano <strong data-start=\"2276\" data-end=\"2328\">poco incisive per garantire un cambiamento reale<\/strong>.<\/p>\t\t\t\t\t\t<\/div>\n\t\t\t\t<\/div>\n\t\t\t\t\t<\/div>\n\t\t\t\t<\/div>\n\t\t<div class=\"elementor-element elementor-element-d8765fa e-flex e-con-boxed e-con e-parent\" data-id=\"d8765fa\" data-element_type=\"container\">\n\t\t\t\t\t<div class=\"e-con-inner\">\n\t\t\t\t<div class=\"elementor-element elementor-element-65caabd elementor-widget elementor-widget-heading\" data-id=\"65caabd\" data-element_type=\"widget\" data-widget_type=\"heading.default\">\n\t\t\t\t<div class=\"elementor-widget-container\">\n\t\t\t<h2 class=\"elementor-heading-title elementor-size-default\">Dalla teoria alla pratica: servono azioni concrete\n<\/h2>\t\t<\/div>\n\t\t\t\t<\/div>\n\t\t\t\t<div class=\"elementor-element elementor-element-aa0dd96 elementor-widget elementor-widget-text-editor\" data-id=\"aa0dd96\" data-element_type=\"widget\" data-widget_type=\"text-editor.default\">\n\t\t\t\t<div class=\"elementor-widget-container\">\n\t\t\t\t\t\t\t<p>Come evidenziato dal presidente della FISH, <strong data-start=\"2434\" data-end=\"2456\">Vincenzo Falabella<\/strong>, <strong data-start=\"2458\" data-end=\"2518\">non possiamo accontentarci di un\u2019inclusione solo formale<\/strong>. La Convenzione ONU non pu\u00f2 restare solo sulla carta: servono <strong data-start=\"2581\" data-end=\"2607\">interventi strutturali<\/strong> per abbattere le barriere, garantire pari opportunit\u00e0 di accesso al lavoro e alla scuola, e promuovere una <strong data-start=\"2715\" data-end=\"2746\">cultura realmente inclusiva<\/strong>.<\/p>\t\t\t\t\t\t<\/div>\n\t\t\t\t<\/div>\n\t\t\t\t<div class=\"elementor-element elementor-element-5532d0e elementor-widget elementor-widget-text-editor\" data-id=\"5532d0e\" data-element_type=\"widget\" data-widget_type=\"text-editor.default\">\n\t\t\t\t<div class=\"elementor-widget-container\">\n\t\t\t\t\t\t\t<p data-start=\"2751\" data-end=\"2983\">In Italia si parla molto di <strong data-start=\"2779\" data-end=\"2796\">accessibilit\u00e0<\/strong>, ma il concetto spesso viene ridotto a singoli interventi (come rampe o ascensori) senza affrontare il problema alla radice: <strong data-start=\"2922\" data-end=\"2980\">la mancanza di una visione complessiva dell\u2019inclusione<\/strong>.<\/p><p data-start=\"2985\" data-end=\"3241\">Non basta <strong data-start=\"2995\" data-end=\"3036\">garantire l\u2019accesso fisico agli spazi<\/strong>, serve un vero cambiamento culturale: <strong data-start=\"3075\" data-end=\"3238\">formazione nelle scuole, sensibilizzazione nelle aziende e coinvolgimento attivo delle persone con disabilit\u00e0 nella costruzione di politiche pubbliche efficaci<\/strong>.<\/p>\t\t\t\t\t\t<\/div>\n\t\t\t\t<\/div>\n\t\t\t\t<div class=\"elementor-element elementor-element-0ef0c22 elementor-widget elementor-widget-heading\" data-id=\"0ef0c22\" data-element_type=\"widget\" data-widget_type=\"heading.default\">\n\t\t\t\t<div class=\"elementor-widget-container\">\n\t\t\t<h2 class=\"elementor-heading-title elementor-size-default\">Il percorso dell'inclusione: un impegno che continua\n<\/h2>\t\t<\/div>\n\t\t\t\t<\/div>\n\t\t\t\t<div class=\"elementor-element elementor-element-b01c94d elementor-widget elementor-widget-text-editor\" data-id=\"b01c94d\" data-element_type=\"widget\" data-widget_type=\"text-editor.default\">\n\t\t\t\t<div class=\"elementor-widget-container\">\n\t\t\t\t\t\t\t<p data-start=\"3051\" data-end=\"3366\">La <strong data-start=\"3054\" data-end=\"3073\">Convenzione ONU<\/strong> \u00e8 uno strumento fondamentale per i diritti delle persone con disabilit\u00e0, ma la sua attuazione in Italia \u00e8 ancora incompleta. A 16 anni dalla ratifica, \u00e8 necessario un impegno concreto da parte delle istituzioni, delle imprese e della societ\u00e0 civile per trasformare i principi in azioni reali.<\/p><p>L&#8217;inclusione non pu\u00f2 essere solo una parola di facciata: \u00e8 tempo di costruire un Paese davvero <strong>accessibile<\/strong> per tutti. Non basta che i <strong>diritti<\/strong> siano riconosciuti, ma \u00e8 fondamentale che vengano resi concreti attraverso azioni visibili e misurabili. Ogni passo in avanti verso <strong>l&#8217;inclusione<\/strong> \u00e8 una <strong>vittoria collettiva<\/strong>, che riguarda ognuno di noi, ogni singola persona, in ogni parte del Paese, in ogni comunit\u00e0 e ogni ambito della vita sociale.<\/p><p>Dobbiamo lavorare insieme, come societ\u00e0, per eliminare <strong>barriere fisiche<\/strong>, <strong>culturali<\/strong> e <strong>sociali<\/strong> e per costruire un futuro in cui nessuno venga escluso o lasciato indietro. Solo cos\u00ec potremo garantire che ogni persona, indipendentemente dalle proprie esigenze, possa partecipare pienamente alla <strong>vita civile e sociale<\/strong>. \u00c8 tempo di fare davvero la <strong>differenza<\/strong> e di costruire un <strong>futuro inclusivo<\/strong> per tutti.<\/p><p>\u00a0<\/p>\t\t\t\t\t\t<\/div>\n\t\t\t\t<\/div>\n\t\t\t\t<div class=\"elementor-element elementor-element-943d7eb elementor-widget elementor-widget-text-editor\" data-id=\"943d7eb\" data-element_type=\"widget\" data-widget_type=\"text-editor.default\">\n\t\t\t\t<div class=\"elementor-widget-container\">\n\t\t\t\t\t\t\t<p data-start=\"69\" data-end=\"145\">Le informazioni riportate sono supportate dalle seguenti fonti:<\/p><p data-start=\"69\" data-end=\"145\"><strong data-start=\"69\" data-end=\"143\">FISH (Federazione Italiana per i Diritti delle Persone con Disabilit\u00e0)<\/strong><\/p><ul><li><a href=\"https:\/\/www.fishonlus.it\/\" target=\"_blank\" rel=\"noopener\">FISH \u2013 Inclusione e diritti delle persone con disabilit\u00e0<\/a><\/li><\/ul><p data-start=\"69\" data-end=\"145\"><strong style=\"font-size: 16px;\" data-start=\"476\" data-end=\"536\">Convenzione ONU sui Diritti delle Persone con Disabilit\u00e0<\/strong><\/p><ul><li data-start=\"69\" data-end=\"145\"><a href=\"https:\/\/www.un.org\/disabilities\/documents\/convention\/convoptprot-e.pdf\" target=\"_new\" rel=\"noopener\" data-start=\"544\" data-end=\"654\">Testo completo della Convenzione ONU<\/a><\/li><\/ul>\t\t\t\t\t\t<\/div>\n\t\t\t\t<\/div>\n\t\t\t\t\t<\/div>\n\t\t\t\t<\/div>\n\t\t\t\t<\/div>\n\t\t","protected":false},"excerpt":{"rendered":"<p>Il 3 marzo 2009 l&#8217;Italia ha ratificato la Convenzione ONU sui Diritti delle Persone con Disabilit\u00e0, trasformandola in legge nazionale con l&#8217;approvazione della Legge 18\/09.<\/p>\n","protected":false},"author":5,"featured_media":25206,"comment_status":"open","ping_status":"closed","sticky":false,"template":"","format":"standard","meta":{"site-sidebar-layout":"default","site-content-layout":"","ast-site-content-layout":"","site-content-style":"default","site-sidebar-style":"default","ast-global-header-display":"","ast-banner-title-visibility":"","ast-main-header-display":"","ast-hfb-above-header-display":"","ast-hfb-below-header-display":"","ast-hfb-mobile-header-display":"","site-post-title":"","ast-breadcrumbs-content":"","ast-featured-img":"","footer-sml-layout":"","theme-transparent-header-meta":"","adv-header-id-meta":"","stick-header-meta":"","header-above-stick-meta":"","header-main-stick-meta":"","header-below-stick-meta":"","astra-migrate-meta-layouts":"default","ast-page-background-enabled":"default","ast-page-background-meta":{"desktop":{"background-color":"var(--ast-global-color-4)","background-image":"","background-repeat":"repeat","background-position":"center center","background-size":"auto","background-attachment":"scroll","background-type":"","background-media":"","overlay-type":"","overlay-color":"","overlay-opacity":"","overlay-gradient":""},"tablet":{"background-color":"","background-image":"","background-repeat":"repeat","background-position":"center center","background-size":"auto","background-attachment":"scroll","background-type":"","background-media":"","overlay-type":"","overlay-color":"","overlay-opacity":"","overlay-gradient":""},"mobile":{"background-color":"","background-image":"","background-repeat":"repeat","background-position":"center center","background-size":"auto","background-attachment":"scroll","background-type":"","background-media":"","overlay-type":"","overlay-color":"","overlay-opacity":"","overlay-gradient":""}},"ast-content-background-meta":{"desktop":{"background-color":"var(--ast-global-color-5)","background-image":"","background-repeat":"repeat","background-position":"center center","background-size":"auto","background-attachment":"scroll","background-type":"","background-media":"","overlay-type":"","overlay-color":"","overlay-opacity":"","overlay-gradient":""},"tablet":{"background-color":"var(--ast-global-color-5)","background-image":"","background-repeat":"repeat","background-position":"center center","background-size":"auto","background-attachment":"scroll","background-type":"","background-media":"","overlay-type":"","overlay-color":"","overlay-opacity":"","overlay-gradient":""},"mobile":{"background-color":"var(--ast-global-color-5)","background-image":"","background-repeat":"repeat","background-position":"center center","background-size":"auto","background-attachment":"scroll","background-type":"","background-media":"","overlay-type":"","overlay-color":"","overlay-opacity":"","overlay-gradient":""}},"footnotes":""},"categories":[18],"tags":[],"_links":{"self":[{"href":"https:\/\/www.willeasy.net\/project\/wp-json\/wp\/v2\/posts\/25132"}],"collection":[{"href":"https:\/\/www.willeasy.net\/project\/wp-json\/wp\/v2\/posts"}],"about":[{"href":"https:\/\/www.willeasy.net\/project\/wp-json\/wp\/v2\/types\/post"}],"author":[{"embeddable":true,"href":"https:\/\/www.willeasy.net\/project\/wp-json\/wp\/v2\/users\/5"}],"replies":[{"embeddable":true,"href":"https:\/\/www.willeasy.net\/project\/wp-json\/wp\/v2\/comments?post=25132"}],"version-history":[{"count":130,"href":"https:\/\/www.willeasy.net\/project\/wp-json\/wp\/v2\/posts\/25132\/revisions"}],"predecessor-version":[{"id":25293,"href":"https:\/\/www.willeasy.net\/project\/wp-json\/wp\/v2\/posts\/25132\/revisions\/25293"}],"wp:featuredmedia":[{"embeddable":true,"href":"https:\/\/www.willeasy.net\/project\/wp-json\/wp\/v2\/media\/25206"}],"wp:attachment":[{"href":"https:\/\/www.willeasy.net\/project\/wp-json\/wp\/v2\/media?parent=25132"}],"wp:term":[{"taxonomy":"category","embeddable":true,"href":"https:\/\/www.willeasy.net\/project\/wp-json\/wp\/v2\/categories?post=25132"},{"taxonomy":"post_tag","embeddable":true,"href":"https:\/\/www.willeasy.net\/project\/wp-json\/wp\/v2\/tags?post=25132"}],"curies":[{"name":"wp","href":"https:\/\/api.w.org\/{rel}","templated":true}]}}